{"id":10684,"date":"2026-04-30T05:03:00","date_gmt":"2026-04-30T05:03:00","guid":{"rendered":"https:\/\/www.weiland-mannheim.de\/erdenwerk\/?p=10684"},"modified":"2026-04-28T11:06:42","modified_gmt":"2026-04-28T11:06:42","slug":"tipps-fuer-den-hobby-gaertner-rasenschnitt-sinnvoll-verwerten","status":"publish","type":"post","link":"https:\/\/www.weiland-mannheim.de\/erdenwerk\/allgemein\/10684-tipps-fuer-den-hobby-gaertner-rasenschnitt-sinnvoll-verwerten\/","title":{"rendered":"Tipps f\u00fcr den Hobby-G\u00e4rtner: Rasenschnitt sinnvoll verwerten"},"content":{"rendered":"\n<p>Der Rasen ist in vielen G\u00e4rten ein absolutes Muss. Um ihn ansehnlich zu halten muss er regelm\u00e4\u00dfig gem\u00e4ht werden. Dann stellt sich unwillk\u00fcrlich die Frage: Wohin mit dem Rasenschnitt? Hier erhalten Sie ein paar Idee, wie dieser nachhaltig verwertet werden kann.<\/p>\n","protected":false},"excerpt":{"rendered":"<p>Der Rasen ist in vielen G\u00e4rten ein absolutes Muss. Um ihn ansehnlich zu halten muss er regelm\u00e4\u00dfig gem\u00e4ht werden. Dann stellt sich unwillk\u00fcrlich die Frage: Wohin mit dem Rasenschnitt? Hier erhalten Sie ein paar Idee, wie dieser nachhaltig verwertet werden kann.<\/p>\n","protected":false},"author":3,"featured_media":10685,"comment_status":"closed","ping_status":"closed","sticky":false,"template":"","format":"standard","meta":{"footnotes":""},"categories":[1],"tags":[],"class_list":["post-10684","post","type-post","status-publish","format-standard","has-post-thumbnail","hentry","category-allgemein"],"_links":{"self":[{"href":"https:\/\/www.weiland-mannheim.de\/erdenwerk\/wp-json\/wp\/v2\/posts\/10684","targetHints":{"allow":["GET"]}}],"collection":[{"href":"https:\/\/www.weiland-mannheim.de\/erdenwerk\/wp-json\/wp\/v2\/posts"}],"about":[{"href":"https:\/\/www.weiland-mannheim.de\/erdenwerk\/wp-json\/wp\/v2\/types\/post"}],"author":[{"embeddable":true,"href":"https:\/\/www.weiland-mannheim.de\/erdenwerk\/wp-json\/wp\/v2\/users\/3"}],"replies":[{"embeddable":true,"href":"https:\/\/www.weiland-mannheim.de\/erdenwerk\/wp-json\/wp\/v2\/comments?post=10684"}],"version-history":[{"count":2,"href":"https:\/\/www.weiland-mannheim.de\/erdenwerk\/wp-json\/wp\/v2\/posts\/10684\/revisions"}],"predecessor-version":[{"id":10687,"href":"https:\/\/www.weiland-mannheim.de\/erdenwerk\/wp-json\/wp\/v2\/posts\/10684\/revisions\/10687"}],"wp:featuredmedia":[{"embeddable":true,"href":"https:\/\/www.weiland-mannheim.de\/erdenwerk\/wp-json\/wp\/v2\/media\/10685"}],"wp:attachment":[{"href":"https:\/\/www.weiland-mannheim.de\/erdenwerk\/wp-json\/wp\/v2\/media?parent=10684"}],"wp:term":[{"taxonomy":"category","embeddable":true,"href":"https:\/\/www.weiland-mannheim.de\/erdenwerk\/wp-json\/wp\/v2\/categories?post=10684"},{"taxonomy":"post_tag","embeddable":true,"href":"https:\/\/www.weiland-mannheim.de\/erdenwerk\/wp-json\/wp\/v2\/tags?post=10684"}],"curies":[{"name":"wp","href":"https:\/\/api.w.org\/{rel}","templated":true}]}}